{"id":57220,"date":"2025-06-29T22:24:31","date_gmt":"2025-06-29T22:24:31","guid":{"rendered":"https:\/\/qnetmenaapr25.wpenginepowered.com\/?p=57220"},"modified":"2025-09-25T02:22:11","modified_gmt":"2025-09-25T02:22:11","slug":"brillez-cet-ete","status":"publish","type":"post","link":"https:\/\/mena.qnet.net\/fr\/produits\/brillez-cet-ete\/","title":{"rendered":"Brillez cet \u00e9t\u00e9 avec le Duo Visage &amp; Yeux PR Expert"},"content":{"rendered":"\n<h2 class=\"wp-block-heading\"><strong>Brillez cet \u00e9t\u00e9 avec le Duo Visage &amp; Yeux PR Expert<\/strong><\/h2>\n\n\n\n<p>L\u2019\u00e9t\u00e9 dans la r\u00e9gion MENA est intense : chaleur accablante, forte exposition aux UV et air sec peuvent vraiment nuire \u00e0 votre peau. En tant que Repr\u00e9sentantes Ind\u00e9pendantes et clientes de QNET, garder une apparence fra\u00eeche et jeune ne se limite pas \u00e0 l\u2019esth\u00e9tique\u2014c\u2019est une question de confiance, de sant\u00e9 et de style de vie.<\/p>\n\n\n\n<p>Voici votre alli\u00e9 incontournable pour rayonner cet \u00e9t\u00e9 : <strong><a href=\"https:\/\/www.qn-uae.ae\/ar\/personal-care-and-beauty\/physio-radiance\/pr-expert-instant-youth-for-face\" data-type=\"link\" data-id=\"https:\/\/www.qn-uae.ae\/ar\/personal-care-and-beauty\/physio-radiance\/pr-expert-instant-youth-for-face\" target=\"_blank\" rel=\"noopener\">le Duo PR Expert Instant Youth<\/a> de <a href=\"https:\/\/physioradiance.co.uk\/\" data-type=\"link\" data-id=\"https:\/\/physioradiance.co.uk\/\" target=\"_blank\" rel=\"noopener\">Physio Radiance<\/a> pour le Visage et les Yeux<\/strong>. Ce duo puissant propose des soins de la peau scientifiquement avanc\u00e9s qui vous aident \u00e0 prot\u00e9ger, r\u00e9g\u00e9n\u00e9rer et sublimer votre beaut\u00e9 tout au long de la saison.<\/p>\n\n\n\n<h2 class=\"wp-block-heading\"><strong>Pourquoi l\u2019\u00e9t\u00e9 dans la r\u00e9gion MENA n\u00e9cessite des soins sp\u00e9cifiques<\/strong><\/h2>\n\n\n\n<p>Soyons honn\u00eates : l\u2019\u00e9t\u00e9 au Moyen-Orient et en Afrique du Nord n\u2019est pas \u00e0 prendre \u00e0 la l\u00e9g\u00e8re.<\/p>\n\n\n\n<ul class=\"wp-block-list\">\n<li>La chaleur extr\u00eame et le soleil intensifient la production de m\u00e9lanine et acc\u00e9l\u00e8rent le vieillissement cutan\u00e9.<\/li>\n\n\n\n<li>L\u2019air sec, surtout en int\u00e9rieur avec la climatisation, d\u00e9shydrate la peau.<\/li>\n\n\n\n<li>La pollution et la transpiration obstruent les pores et ternissent l\u2019\u00e9clat naturel.<\/li>\n<\/ul>\n\n\n\n<p>Vous avez besoin de soins l\u00e9gers, rapidement absorb\u00e9s, mais suffisamment puissants pour offrir des r\u00e9sultats visibles\u2014et c\u2019est l\u00e0 que le PR Expert de Physio Radiance entre en jeu.<\/p>\n\n\n\n<h2 class=\"wp-block-heading\"><strong>Vos h\u00e9ros de l\u2019\u00e9t\u00e9 : Duo Visage &amp; Yeux<\/strong><\/h2>\n\n\n\n<figure class=\"wp-block-image size-full\"><img loading=\"lazy\" loading=\"lazy\" decoding=\"async\" width=\"1200\" height=\"675\" src=\"https:\/\/mena.qnet.net\/wp-content\/uploads\/2025\/06\/Expert-Face.webp\" alt=\"Brillez cet \u00e9t\u00e9 avec le Duo Visage &amp; Yeux PR Expert\" class=\"wp-image-57217\"\/><\/figure>\n\n\n\n<p>Le duo PR Expert Instant Youth associe la recherche scientifique \u00e0 une technologie de pointe pour inverser visiblement les signes de l\u2019\u00e2ge et de la fatigue. Ces produits sont formul\u00e9s pour tous les types de peau\u2014id\u00e9al surtout pour les peaux s\u00e8ches, stress\u00e9es par le soleil et sensibles.<\/p>\n\n\n\n<h2 class=\"wp-block-heading\"><strong>PR Expert Instant Youth pour le Visage<\/strong><\/h2>\n\n\n\n<figure class=\"wp-block-image size-full\"><img loading=\"lazy\" loading=\"lazy\" decoding=\"async\" width=\"1200\" height=\"675\" src=\"https:\/\/mena.qnet.net\/wp-content\/uploads\/2025\/06\/Expert-Eyes.webp\" alt=\"Brillez cet \u00e9t\u00e9 avec le Duo Visage &amp; Yeux PR Expert\" class=\"wp-image-57219\"\/><\/figure>\n\n\n\n<p>Cette formule r\u00e9g\u00e9n\u00e9rante cible :<\/p>\n\n\n\n<ul class=\"wp-block-list\">\n<li>Rides et ridules<\/li>\n\n\n\n<li>Perte de fermet\u00e9 et d\u2019\u00e9lasticit\u00e9<\/li>\n\n\n\n<li>Teint terne et fatigu\u00e9<\/li>\n<\/ul>\n\n\n\n<p>Enrichie en ingr\u00e9dients naturels actifs et peptides anti-\u00e2ge, cette cr\u00e8me visage stimule la production de collag\u00e8ne, hydrate en profondeur et lisse le grain de peau pour un teint \u00e9clatant et rajeuni.<\/p>\n\n\n\n<h2 class=\"wp-block-heading\"><strong>Avantages id\u00e9aux pour l\u2019\u00e9t\u00e9 :<\/strong><\/h2>\n\n\n\n<ul class=\"wp-block-list\">\n<li>Texture l\u00e9g\u00e8re et non grasse<\/li>\n\n\n\n<li>Protection antioxydante contre les agressions ext\u00e9rieures<\/li>\n\n\n\n<li>Acc\u00e9l\u00e8re le renouvellement cellulaire apr\u00e8s exposition au soleil<\/li>\n<\/ul>\n\n\n\n<h2 class=\"wp-block-heading\"><strong>PR Expert Instant Youth pour les Yeux<\/strong><\/h2>\n\n\n\n<p>La peau autour des yeux est plus fine et fragile. Cette cr\u00e8me est con\u00e7ue pour :<\/p>\n\n\n\n<ul class=\"wp-block-list\">\n<li>R\u00e9duire cernes et poches<\/li>\n\n\n\n<li>Raffermir les paupi\u00e8res rel\u00e2ch\u00e9es<\/li>\n\n\n\n<li>Am\u00e9liorer la microcirculation et r\u00e9duire la fatigue oculaire<\/li>\n<\/ul>\n\n\n\n<p>Parfaite pour les longues soir\u00e9es d\u2019\u00e9t\u00e9, les voyages ou les heures pass\u00e9es devant un \u00e9cran. Vous aurez l\u2019air repos\u00e9e, m\u00eame apr\u00e8s une nuit courte ou un vol \u00e9prouvant.<\/p>\n\n\n\n<h2 class=\"wp-block-heading\"><strong>La science derri\u00e8re l\u2019\u00e9clat<\/strong><\/h2>\n\n\n\n<p>Les deux formules, visage et yeux, reposent sur des complexes bioactifs et extraits naturels qui restaurent la barri\u00e8re cutan\u00e9e et stimulent le processus naturel de r\u00e9g\u00e9n\u00e9ration. Sans agents chimiques agressifs, elles conviennent \u00e0 une utilisation quotidienne, m\u00eame dans les climats extr\u00eames de la r\u00e9gion MENA.<\/p>\n\n\n\n<p>Les peptides avanc\u00e9s permettent de :<\/p>\n\n\n\n<ul class=\"wp-block-list\">\n<li>Stimuler la synth\u00e8se de collag\u00e8ne<\/li>\n\n\n\n<li>Am\u00e9liorer la densit\u00e9 de la peau<\/li>\n\n\n\n<li>R\u00e9duire le stress oxydatif caus\u00e9 par les UV<\/li>\n<\/ul>\n\n\n\n<p>Ces ingr\u00e9dients vont au-del\u00e0 de l\u2019esth\u00e9tique\u2014ils agissent en harmonie avec votre peau pour une transformation visible.<\/p>\n\n\n\n<h2 class=\"wp-block-heading\"><strong>Routine estivale avec le Duo PR Expert<\/strong><\/h2>\n\n\n\n<p>Int\u00e9grez facilement ce duo dans votre rituel beaut\u00e9 :<\/p>\n\n\n\n<ol class=\"wp-block-list\">\n<li><strong>Nettoyage matinal :<\/strong> Utilisez un nettoyant doux pour \u00e9liminer les impuret\u00e9s de la nuit.<\/li>\n\n\n\n<li><strong>Cr\u00e8me pour les yeux :<\/strong> Tapotez doucement PR Expert pour les yeux sous les yeux et sur l\u2019arcade sourcili\u00e8re.<\/li>\n\n\n\n<li><strong>Cr\u00e8me pour le visage :<\/strong> Appliquez une petite quantit\u00e9 sur le visage et le cou en mouvements ascendants.<\/li>\n\n\n\n<li><strong>Toujours un SPF :<\/strong> Terminez avec un \u00e9cran solaire SPF 30+.<\/li>\n<\/ol>\n\n\n\n<p><strong>Le soir :<\/strong> R\u00e9appliquez les deux produits apr\u00e8s le nettoyage pour une r\u00e9cup\u00e9ration nocturne.<\/p>\n\n\n\n<h2 class=\"wp-block-heading\"><strong>Pourquoi les utilisateurs QNET dans la r\u00e9gion MENA l\u2019adorent<\/strong><\/h2>\n\n\n\n<p>Que vous soyez sous le soleil du d\u00e9sert de Duba\u00ef, dans la poussi\u00e8re urbaine du Caire, ou sur la c\u00f4te de Beyrouth ou Casablanca, ce duo est votre meilleur alli\u00e9 pour une peau rayonnante et r\u00e9sistante.<\/p>\n\n\n\n<ul class=\"wp-block-list\">\n<li>Id\u00e9al pour les pros actifs et les voyageurs<\/li>\n\n\n\n<li>Allie luxe et efficacit\u00e9 prouv\u00e9e scientifiquement<\/li>\n\n\n\n<li>Parfait pour un style de vie en vente directe<\/li>\n<\/ul>\n\n\n\n<p>Et n\u2019oubliez pas : une apparence jeune et saine inspire confiance et cr\u00e9dibilit\u00e9 dans votre activit\u00e9 QNET\u2014car quand vous avez fi\u00e8re allure, vous vendez avec assurance.<\/p>\n\n\n\n<h2 class=\"wp-block-heading\"><strong>Pr\u00eate pour votre transformation estivale ?<\/strong><\/h2>\n\n\n\n<p>Le Duo Visage &amp; Yeux PR Expert, ce n\u2019est pas juste du soin\u2014c\u2019est un rituel quotidien pour la confiance, l\u2019\u00e9clat et le bien-\u00eatre.<\/p>\n\n\n\n<p><strong>Disponible d\u00e8s maintenant sur votre boutique en ligne <a href=\"https:\/\/mena.qnet.net\/fr\/\" data-type=\"link\" data-id=\"https:\/\/mena.qnet.net\/fr\/\">QNET<\/a>. Faites de cet \u00e9t\u00e9 votre saison d\u2019\u00e9clat\u2014car une peau lumineuse est toujours tendance.<\/strong><\/p>\n","protected":false},"excerpt":{"rendered":"<p>Brillez cet \u00e9t\u00e9 avec le Duo Visage &amp; Yeux PR Expert L\u2019\u00e9t\u00e9 dans la r\u00e9gion MENA est intense : chaleur accablante, forte exposition aux UV et air sec peuvent vraiment nuire \u00e0 votre peau. En tant que Repr\u00e9sentantes Ind\u00e9pendantes et clientes de QNET, garder une apparence fra\u00eeche et jeune ne se limite pas \u00e0 l\u2019esth\u00e9tique\u2014c\u2019est [&hellip;]<\/p>\n","protected":false},"author":16,"featured_media":57215,"comment_status":"open","ping_status":"closed","sticky":false,"template":"","format":"standard","meta":{"footnotes":""},"categories":[2806,2810],"tags":[3207],"class_list":{"0":"post-57220","1":"post","2":"type-post","3":"status-publish","4":"format-standard","5":"has-post-thumbnail","7":"category-produits","8":"category-soins-personnels-articles","9":"tag-soins-personnels"},"_links":{"self":[{"href":"https:\/\/mena.qnet.net\/fr\/wp-json\/wp\/v2\/posts\/57220","targetHints":{"allow":["GET"]}}],"collection":[{"href":"https:\/\/mena.qnet.net\/fr\/wp-json\/wp\/v2\/posts"}],"about":[{"href":"https:\/\/mena.qnet.net\/fr\/wp-json\/wp\/v2\/types\/post"}],"author":[{"embeddable":true,"href":"https:\/\/mena.qnet.net\/fr\/wp-json\/wp\/v2\/users\/16"}],"replies":[{"embeddable":true,"href":"https:\/\/mena.qnet.net\/fr\/wp-json\/wp\/v2\/comments?post=57220"}],"version-history":[{"count":0,"href":"https:\/\/mena.qnet.net\/fr\/wp-json\/wp\/v2\/posts\/57220\/revisions"}],"wp:featuredmedia":[{"embeddable":true,"href":"https:\/\/mena.qnet.net\/fr\/wp-json\/wp\/v2\/media\/57215"}],"wp:attachment":[{"href":"https:\/\/mena.qnet.net\/fr\/wp-json\/wp\/v2\/media?parent=57220"}],"wp:term":[{"taxonomy":"category","embeddable":true,"href":"https:\/\/mena.qnet.net\/fr\/wp-json\/wp\/v2\/categories?post=57220"},{"taxonomy":"post_tag","embeddable":true,"href":"https:\/\/mena.qnet.net\/fr\/wp-json\/wp\/v2\/tags?post=57220"}],"curies":[{"name":"wp","href":"https:\/\/api.w.org\/{rel}","templated":true}]}}